{"id":109,"date":"2017-09-25T15:25:34","date_gmt":"2017-09-25T15:25:34","guid":{"rendered":"http:\/\/www.abogadosdegranada.com\/blog\/?p=109"},"modified":"2017-09-25T15:32:20","modified_gmt":"2017-09-25T15:32:20","slug":"novedades-en-las-ayudas-para-los-autonomos","status":"publish","type":"post","link":"https:\/\/www.abogadosdegranada.com\/blog\/2017\/09\/25\/novedades-en-las-ayudas-para-los-autonomos\/","title":{"rendered":"Novedades en las ayudas para los aut\u00f3nomos"},"content":{"rendered":"<p style=\"text-align: justify;\">Aunque se est\u00e1 haciendo de rogar la futura\u00a0Ley de Medidas Urgentes del Trabajo Aut\u00f3nomo, ya se conocen algunas de las acciones que en ella se plantean, encaminadas a pon\u00e9rselo m\u00e1s f\u00e1cil a los profesionales aut\u00f3nomos. Hoy hablamos de ellas.<br \/>\nEl pasado mes de junio, el Gobierno aprobaba el proyecto de ley por unanimidad, y quedaba a expensas de ser valorado por el Senado tras el verano. Seg\u00fan las \u00faltimas publicaciones, se espera que las medidas entren\u00a0en vigor en octubre\u00a0de este a\u00f1o. Aunque habr\u00e1 medidas que no se podr\u00e1n aplicar hasta el 2018, como por ejemplo, la ampliaci\u00f3n de la Tarifa Plana de aut\u00f3nomos, ya que su entrada en vigor se establece en el Proyecto de Ley para enero del pr\u00f3ximo a\u00f1o.<\/p>\n<h2 style=\"text-align: justify;\"><strong>Nuevas ayudas para aut\u00f3nomos<\/strong><\/h2>\n<h2 style=\"text-align: justify;\"><strong>Ampliaci\u00f3n de la Tarifa Plana de Aut\u00f3nomos<\/strong><\/h2>\n<p style=\"text-align: justify;\">Esta propuesta permitir\u00e1 ampliar el periodo de disfrute de bonificaciones en sus cotizaciones, siendo la cuant\u00eda a pagar\u00a050 euros. El plazo de 6 meses que existe actualmente, pasar\u00eda a ser de 12.<br \/>\nY adem\u00e1s, desde el mes 13 hasta el 18, podr\u00edan aplicar una deducci\u00f3n de un 50% de la bonificaci\u00f3n. Deducci\u00f3n que a partir del mes 19 y hasta los 2 a\u00f1os, ser\u00eda del 30%.<br \/>\nAsimismo, ya no ser\u00eda necesario que en los dos a\u00f1os previos no se haya estado dado de alta como aut\u00f3nomo\u00a0para poder acceder a la Tarifa Plana.<\/p>\n<h2 style=\"text-align: justify;\">M\u00e1s protecci\u00f3n a los aut\u00f3nomos TRADE<\/h2>\n<p style=\"text-align: justify;\">Esta enmienda busca que se reconozca a la totalidad de trabajadores que ejercen en realidad como TRADE, lo que implicar\u00eda que m\u00e1s aut\u00f3nomos se beneficiar\u00edan de unas condiciones diferentes, tendr\u00edan 18 d\u00edas de vacaciones, una mejor prestaci\u00f3n por desempleo y podr\u00edan participar en la negociaci\u00f3n colectiva de la empresa.<\/p>\n<h2 style=\"text-align: justify;\">Reducci\u00f3n para personas con discapacidad, v\u00edctimas de violencia de g\u00e9nero o v\u00edctimas de atentados terroristas<\/h2>\n<p style=\"text-align: justify;\">Aunque habr\u00e1 que esperar a 2018, la Ley plantea una reducci\u00f3n de un 80%, durante los 12 primeros meses, y del 50% en los 48 siguientes.<\/p>\n<h2 style=\"text-align: justify;\">Reducci\u00f3n para aut\u00f3nomos colaboradores<\/h2>\n<p style=\"text-align: justify;\">Esta medida tambi\u00e9n se retrasar\u00eda hasta 2018 y contemplar\u00eda una reducci\u00f3n del 100% durante 12 meses de las cuotas.<\/p>\n<h2 style=\"text-align: justify;\">Acceso de los aut\u00f3nomos a la jubilaci\u00f3n parcial<\/h2>\n<p style=\"text-align: justify;\">Seg\u00fan esta medida, muchos aut\u00f3nomos que alcancen los 63 a\u00f1os podr\u00edan acceder a un plan de relevo generacional para su negocio.<\/p>\n<h2 style=\"text-align: justify;\">Deducci\u00f3n por gastos de suministros<\/h2>\n<p style=\"text-align: justify;\">Se han establecidos los m\u00e1rgenes aplicables en la deducci\u00f3n de gastos como el agua, gas o electricidad de los aut\u00f3nomos. De acuerdo a la redacci\u00f3n inicial de la norma, era el porcentaje resultante de aplicar el 30% de la proporci\u00f3n entre los metros cuadrados de la vivienda, destinados a la actividad como aut\u00f3nomo, respecto del total de la superficie de su domicilio. Esta medida, por tanto, mejorar\u00eda las condiciones iniciales planteadas, que supon\u00edan aplicar aproximadamente s\u00f3lo un 9% real.<\/p>\n<h2 style=\"text-align: justify;\">Facilidades para hacer bajas y altas durante el a\u00f1o<\/h2>\n<p style=\"text-align: justify;\">La nueva Ley establece la posibilidad de no tener que cotizar durante todo el a\u00f1o, pudiendo el aut\u00f3nomo\u00a0ajustar la cotizaci\u00f3n a sus periodos de actividad. Para ello, podr\u00e1 realizar\u00a03 altas y bajas en un ejercicio, cotizando solo los periodos en que estuvo de alta.<br \/>\nTodo apunta a que para la entrada en vigor de esta medida tambi\u00e9n ser\u00e1 necesario esperar al pr\u00f3ximo a\u00f1o.<\/p>\n<p style=\"text-align: justify;\">Carlos Oya Valverde<br \/>\nDirector Ejecutivo de OYA Abogados &amp; Asesores<br \/>\n<a href=\"http:\/\/www.abogadosdegranada.com\/abogados-oya-abogados-asesores.html#.Wckfu8hJbIU\" target=\"_blank\">www.oyaabogados.com<\/a><\/p>\n","protected":false},"excerpt":{"rendered":"<p>Aunque se est\u00e1 haciendo de rogar la futura\u00a0Ley de Medidas Urgentes del Trabajo Aut\u00f3nomo, ya se conocen algunas de las acciones que en ella se plantean, encaminadas a pon\u00e9rselo m\u00e1s f\u00e1cil a los profesionales aut\u00f3nomos. Hoy hablamos de ellas. El &hellip; <a href=\"https:\/\/www.abogadosdegranada.com\/blog\/2017\/09\/25\/novedades-en-las-ayudas-para-los-autonomos\/\">Sigue leyendo <span class=\"meta-nav\">&rarr;<\/span><\/a><\/p>\n","protected":false},"author":5,"featured_media":0,"comment_status":"closed","ping_status":"closed","sticky":false,"template":"","format":"standard","meta":{"footnotes":""},"categories":[18,1],"tags":[17],"_links":{"self":[{"href":"https:\/\/www.abogadosdegranada.com\/blog\/wp-json\/wp\/v2\/posts\/109"}],"collection":[{"href":"https:\/\/www.abogadosdegranada.com\/blog\/wp-json\/wp\/v2\/posts"}],"about":[{"href":"https:\/\/www.abogadosdegranada.com\/blog\/wp-json\/wp\/v2\/types\/post"}],"author":[{"embeddable":true,"href":"https:\/\/www.abogadosdegranada.com\/blog\/wp-json\/wp\/v2\/users\/5"}],"replies":[{"embeddable":true,"href":"https:\/\/www.abogadosdegranada.com\/blog\/wp-json\/wp\/v2\/comments?post=109"}],"version-history":[{"count":2,"href":"https:\/\/www.abogadosdegranada.com\/blog\/wp-json\/wp\/v2\/posts\/109\/revisions"}],"predecessor-version":[{"id":111,"href":"https:\/\/www.abogadosdegranada.com\/blog\/wp-json\/wp\/v2\/posts\/109\/revisions\/111"}],"wp:attachment":[{"href":"https:\/\/www.abogadosdegranada.com\/blog\/wp-json\/wp\/v2\/media?parent=109"}],"wp:term":[{"taxonomy":"category","embeddable":true,"href":"https:\/\/www.abogadosdegranada.com\/blog\/wp-json\/wp\/v2\/categories?post=109"},{"taxonomy":"post_tag","embeddable":true,"href":"https:\/\/www.abogadosdegranada.com\/blog\/wp-json\/wp\/v2\/tags?post=109"}],"curies":[{"name":"wp","href":"https:\/\/api.w.org\/{rel}","templated":true}]}}