{"id":125,"date":"2019-04-10T16:20:11","date_gmt":"2019-04-10T16:20:11","guid":{"rendered":"http:\/\/www.abogadosdegranada.com\/blog\/?p=125"},"modified":"2019-04-10T16:20:11","modified_gmt":"2019-04-10T16:20:11","slug":"el-iva-de-la-defensa-juridica-de-la-poliza-se-paga-por-separado","status":"publish","type":"post","link":"https:\/\/www.abogadosdegranada.com\/blog\/2019\/04\/10\/el-iva-de-la-defensa-juridica-de-la-poliza-se-paga-por-separado\/","title":{"rendered":"El IVA de la defensa jur\u00eddica de la p\u00f3liza se paga por separado"},"content":{"rendered":"<p style=\"background: white; vertical-align: baseline; margin: 0cm 0cm 11.25pt 0cm;\"><span style=\"font-size: 10.5pt; font-family: 'Arial','sans-serif'; color: #787e87;\">El Juzgado de Primera Instancia 18 de Granada ha condenado a Mapfre al pago del importe total de la cobertura defensa jur\u00eddica de una p\u00f3liza de autos, derivado de un accidente de tr\u00e1fico, sumando a la citada cobertura el IVA, no quedando incluido dentro del total de 600 euros de la p\u00f3liza.<\/span><\/p>\n<p style=\"background: white; vertical-align: baseline; font-variant-ligatures: normal; font-variant-caps: normal; font-variant-numeric: inherit; font-variant-east-asian: inherit; font-stretch: inherit; line-height: inherit; orphans: 2; text-align: start; widows: 2; -webkit-text-stroke-width: 0px; text-decoration-style: initial; text-decoration-color: initial; word-spacing: 0px; margin: 0cm 0cm 11.25pt 0cm;\"><span style=\"font-size: 10.5pt; font-family: 'Arial','sans-serif'; color: #787e87;\">As\u00ed indica la sentencia \u201d Finalmente respecto al IVA , este concepto deber\u00e1 abonarse por separado ya que la cobertura de 600 euros por asegurado es solo para honorarios, asi se refleja en la propia<\/span><\/p>\n<p style=\"background: white; vertical-align: baseline; font-variant-ligatures: normal; font-variant-caps: normal; font-variant-numeric: inherit; font-variant-east-asian: inherit; font-stretch: inherit; line-height: inherit; orphans: 2; widows: 2; -webkit-text-stroke-width: 0px; text-decoration-style: initial; text-decoration-color: initial; word-spacing: 0px; margin: 0cm 0cm 11.25pt 0cm;\"><span style=\"font-size: 10.5pt; font-family: 'Arial','sans-serif'; color: #787e87;\">sentencia de la Audiencia Provincial de Albacete 234\/2006 indicada por la parte , cuyo literal es \u201c Los t\u00e9rminos del debate litigioso indican que la p\u00f3liza suscrita para la defensa jur\u00eddica lo fuera entre el actor y la mercantil demandada, mediante la prestaci\u00f3n de los servicios profesionales del Letrado de la mercantil dedicada al ramo del Seguro de Autom\u00f3vil y en cuyas estipulaciones se pact\u00f3 que el l\u00edmite del importe de los honorarios lo ser\u00eda en la suma 3.010Euros y siendo ello as\u00ed, ha de se\u00f1alarse que el importe de los honorarios profesionales no pod\u00eda rebasar ese l\u00edmite, dado lo pactado y debiendo se\u00f1alarse que la citada aseguradora conoce que la prestaci\u00f3n de servicios profesionales devenga el oportuno impuesto del valor a\u00f1adido y lejos de haber se\u00f1alado en la estipulaci\u00f3n que establece el l\u00edmite del pago de honorarios del Letrado, no establece si el citado impuesto se halla o no incluido y cuya oscuridad y falta de claridad de lo relacionado en la p\u00f3liza, ha de serle achacable a la entidad aseguradora que diera lugar a la misma y era conocedora de las obligaciones y derechos rec\u00edprocos nacidos del contrato de prestaci\u00f3n de servicios profesionales \u2026.\u201d<\/span><\/p>\n<p>Publicado por Gonzalbes Legal<\/p>\n<p><a href=\"https:\/\/www.gonzalbes.com\">https:\/\/www.gonzalbes.com<\/a><\/p>\n<p>&nbsp;<\/p>\n","protected":false},"excerpt":{"rendered":"<p>El Juzgado de Primera Instancia 18 de Granada ha condenado a Mapfre al pago del importe total de la cobertura defensa jur\u00eddica de una p\u00f3liza de autos, derivado de un accidente de tr\u00e1fico, sumando a la citada cobertura el IVA, &hellip; <a href=\"https:\/\/www.abogadosdegranada.com\/blog\/2019\/04\/10\/el-iva-de-la-defensa-juridica-de-la-poliza-se-paga-por-separado\/\">Sigue leyendo <span class=\"meta-nav\">&rarr;<\/span><\/a><\/p>\n","protected":false},"author":1,"featured_media":0,"comment_status":"closed","ping_status":"closed","sticky":false,"template":"","format":"standard","meta":{"footnotes":""},"categories":[1],"tags":[],"_links":{"self":[{"href":"https:\/\/www.abogadosdegranada.com\/blog\/wp-json\/wp\/v2\/posts\/125"}],"collection":[{"href":"https:\/\/www.abogadosdegranada.com\/blog\/wp-json\/wp\/v2\/posts"}],"about":[{"href":"https:\/\/www.abogadosdegranada.com\/blog\/wp-json\/wp\/v2\/types\/post"}],"author":[{"embeddable":true,"href":"https:\/\/www.abogadosdegranada.com\/blog\/wp-json\/wp\/v2\/users\/1"}],"replies":[{"embeddable":true,"href":"https:\/\/www.abogadosdegranada.com\/blog\/wp-json\/wp\/v2\/comments?post=125"}],"version-history":[{"count":1,"href":"https:\/\/www.abogadosdegranada.com\/blog\/wp-json\/wp\/v2\/posts\/125\/revisions"}],"predecessor-version":[{"id":126,"href":"https:\/\/www.abogadosdegranada.com\/blog\/wp-json\/wp\/v2\/posts\/125\/revisions\/126"}],"wp:attachment":[{"href":"https:\/\/www.abogadosdegranada.com\/blog\/wp-json\/wp\/v2\/media?parent=125"}],"wp:term":[{"taxonomy":"category","embeddable":true,"href":"https:\/\/www.abogadosdegranada.com\/blog\/wp-json\/wp\/v2\/categories?post=125"},{"taxonomy":"post_tag","embeddable":true,"href":"https:\/\/www.abogadosdegranada.com\/blog\/wp-json\/wp\/v2\/tags?post=125"}],"curies":[{"name":"wp","href":"https:\/\/api.w.org\/{rel}","templated":true}]}}