{"id":89,"date":"2016-11-29T11:40:24","date_gmt":"2016-11-29T11:40:24","guid":{"rendered":"http:\/\/www.abogadosdegranada.com\/blog\/?p=89"},"modified":"2016-11-29T11:40:24","modified_gmt":"2016-11-29T11:40:24","slug":"nuevo-blog-juridico-en-www-abogadosdesevilla-es-2","status":"publish","type":"post","link":"https:\/\/www.abogadosdegranada.com\/blog\/2016\/11\/29\/nuevo-blog-juridico-en-www-abogadosdesevilla-es-2\/","title":{"rendered":"Nuevo Blog Jur\u00eddico en www.abogadosdesevilla.es"},"content":{"rendered":"<p>En fechas recientes aprovechando la nueva versi\u00f3n del portal, se ha implementado para los <a href=\"http:\/\/www.abogadosdesevilla.es\">abogados sevilla<\/a>\u00a0un blog jur\u00eddico que aspira a ser referencia obligada en el sector. Con restricci\u00f3n de publicaci\u00f3n a los abogados dados de alta en dicha web, permite abordar temas jur\u00eddicos con enfoque pr\u00e1ctico as\u00ed como servir de herramienta comercial llegando a \u00e1mbitos a los que la publicidad tradicional no alcanza.<\/p>\n","protected":false},"excerpt":{"rendered":"<p>En fechas recientes aprovechando la nueva versi\u00f3n del portal, se ha implementado para los abogados sevilla\u00a0un blog jur\u00eddico que aspira a ser referencia obligada en el sector. Con restricci\u00f3n de publicaci\u00f3n a los abogados dados de alta en dicha web, &hellip; <a href=\"https:\/\/www.abogadosdegranada.com\/blog\/2016\/11\/29\/nuevo-blog-juridico-en-www-abogadosdesevilla-es-2\/\">Sigue leyendo <span class=\"meta-nav\">&rarr;<\/span><\/a><\/p>\n","protected":false},"author":1,"featured_media":0,"comment_status":"closed","ping_status":"closed","sticky":false,"template":"","format":"standard","meta":{"footnotes":""},"categories":[1],"tags":[],"_links":{"self":[{"href":"https:\/\/www.abogadosdegranada.com\/blog\/wp-json\/wp\/v2\/posts\/89"}],"collection":[{"href":"https:\/\/www.abogadosdegranada.com\/blog\/wp-json\/wp\/v2\/posts"}],"about":[{"href":"https:\/\/www.abogadosdegranada.com\/blog\/wp-json\/wp\/v2\/types\/post"}],"author":[{"embeddable":true,"href":"https:\/\/www.abogadosdegranada.com\/blog\/wp-json\/wp\/v2\/users\/1"}],"replies":[{"embeddable":true,"href":"https:\/\/www.abogadosdegranada.com\/blog\/wp-json\/wp\/v2\/comments?post=89"}],"version-history":[{"count":1,"href":"https:\/\/www.abogadosdegranada.com\/blog\/wp-json\/wp\/v2\/posts\/89\/revisions"}],"predecessor-version":[{"id":90,"href":"https:\/\/www.abogadosdegranada.com\/blog\/wp-json\/wp\/v2\/posts\/89\/revisions\/90"}],"wp:attachment":[{"href":"https:\/\/www.abogadosdegranada.com\/blog\/wp-json\/wp\/v2\/media?parent=89"}],"wp:term":[{"taxonomy":"category","embeddable":true,"href":"https:\/\/www.abogadosdegranada.com\/blog\/wp-json\/wp\/v2\/categories?post=89"},{"taxonomy":"post_tag","embeddable":true,"href":"https:\/\/www.abogadosdegranada.com\/blog\/wp-json\/wp\/v2\/tags?post=89"}],"curies":[{"name":"wp","href":"https:\/\/api.w.org\/{rel}","templated":true}]}}